{"id":12868,"date":"2026-01-02T15:42:57","date_gmt":"2026-01-02T20:42:57","guid":{"rendered":"https:\/\/cqbf.ca\/dr-amir-ali-salemi-appointed-honorary-board-member\/"},"modified":"2026-04-28T17:02:10","modified_gmt":"2026-04-28T22:02:10","slug":"dr-amir-ali-salemi-appointed-honorary-board-member","status":"publish","type":"post","link":"https:\/\/cqbf.ca\/fr\/dr-amir-ali-salemi-appointed-honorary-board-member\/","title":{"rendered":"Le Forum d&#8217;affaires Canada-Qatar annonce la nomination de M. Amir Ali Salemi \u00e0 titre de membre honoraire du conseil d&#8217;administration"},"content":{"rendered":"\t\t<div data-elementor-type=\"wp-post\" data-elementor-id=\"12868\" class=\"elementor elementor-12868 elementor-12859\" data-elementor-post-type=\"post\">\n\t\t\t\t<div class=\"elementor-element elementor-element-03621aa e-flex e-con-boxed e-con e-parent\" data-id=\"03621aa\" data-element_type=\"container\" data-e-type=\"container\">\n\t\t\t\t\t<div class=\"e-con-inner\">\n\t\t<div class=\"elementor-element elementor-element-fd72bc1 e-flex e-con-boxed e-con e-child\" data-id=\"fd72bc1\" data-element_type=\"container\" data-e-type=\"container\">\n\t\t\t\t\t<div class=\"e-con-inner\">\n\t\t\t\t<div class=\"elementor-element elementor-element-6a1b072 elementor-widget elementor-widget-heading\" data-id=\"6a1b072\" data-element_type=\"widget\" data-e-type=\"widget\" data-widget_type=\"heading.default\">\n\t\t\t\t<div class=\"elementor-widget-container\">\n\t\t\t\t\t<h2 class=\"elementor-heading-title elementor-size-default\"><strong>Le Forum d'affaires Canada-Qatar annonce la nomination de M. Amir Ali Salemi \u00e0 titre de membre honoraire du conseil d'administration  <\/strong><\/h2>\t\t\t\t<\/div>\n\t\t\t\t<\/div>\n\t\t\t\t\t<\/div>\n\t\t\t\t<\/div>\n\t\t<div class=\"elementor-element elementor-element-c6513da e-flex e-con-boxed e-con e-child\" data-id=\"c6513da\" data-element_type=\"container\" data-e-type=\"container\">\n\t\t\t\t\t<div class=\"e-con-inner\">\n\t\t\t\t<div class=\"elementor-element elementor-element-ee747ce elementor-widget elementor-widget-text-editor\" data-id=\"ee747ce\" data-element_type=\"widget\" data-e-type=\"widget\" data-widget_type=\"text-editor.default\">\n\t\t\t\t<div class=\"elementor-widget-container\">\n\t\t\t\t\t\t\t\t\t<p data-start=\"159\" data-end=\"450\">Le <strong data-start=\"423\" data-end=\"464\">Forum des affaires canado-qatari (FACTQ)<\/strong> a le plaisir d&#8217;annoncer la nomination de <strong>M. Amir Ali Salemi<\/strong>, fondateur et chef de la direction de <a href=\"https:\/\/jta.qa\/\">JTA International Investment Holding<\/a>, \u00e0 titre de membre honoraire du conseil d&#8217;administration, \u00e0 compter du 2 janvier 2026.<\/p>\t\t\t\t\t\t\t\t<\/div>\n\t\t\t\t<\/div>\n\t\t\t\t\t<\/div>\n\t\t\t\t<\/div>\n\t\t\t\t\t<\/div>\n\t\t\t\t<\/div>\n\t\t<div class=\"elementor-element elementor-element-431e1f8 e-flex e-con-boxed e-con e-parent\" data-id=\"431e1f8\" data-element_type=\"container\" data-e-type=\"container\">\n\t\t\t\t\t<div class=\"e-con-inner\">\n\t\t<div class=\"elementor-element elementor-element-6e486cd e-flex e-con-boxed e-con e-child\" data-id=\"6e486cd\" data-element_type=\"container\" data-e-type=\"container\">\n\t\t\t\t\t<div class=\"e-con-inner\">\n\t\t\t\t<div class=\"elementor-element elementor-element-9005c94 elementor-widget__width-initial elementor-widget elementor-widget-image\" data-id=\"9005c94\" data-element_type=\"widget\" data-e-type=\"widget\" data-widget_type=\"image.default\">\n\t\t\t\t<div class=\"elementor-widget-container\">\n\t\t\t\t\t\t\t\t\t\t\t\t<figure class=\"wp-caption\">\n\t\t\t\t\t\t\t\t\t\t<img fetchpriority=\"high\" decoding=\"async\" width=\"640\" height=\"366\" src=\"https:\/\/cqbf.ca\/wp-content\/uploads\/2026\/01\/IMG_8347-1024x585.jpg\" class=\"attachment-large size-large wp-image-12869\" alt=\"Amir Ali Salemi, fondateur et directeur g\u00e9n\u00e9ral de JTA International Investment Holding\" srcset=\"https:\/\/cqbf.ca\/wp-content\/uploads\/2026\/01\/IMG_8347-1024x585.jpg 1024w, https:\/\/cqbf.ca\/wp-content\/uploads\/2026\/01\/IMG_8347-300x171.jpg 300w, https:\/\/cqbf.ca\/wp-content\/uploads\/2026\/01\/IMG_8347-768x439.jpg 768w, https:\/\/cqbf.ca\/wp-content\/uploads\/2026\/01\/IMG_8347-1536x877.jpg 1536w, https:\/\/cqbf.ca\/wp-content\/uploads\/2026\/01\/IMG_8347-600x343.jpg 600w, https:\/\/cqbf.ca\/wp-content\/uploads\/2026\/01\/IMG_8347.jpg 1676w\" sizes=\"(max-width: 640px) 100vw, 640px\" \/>\t\t\t\t\t\t\t\t\t\t\t<figcaption class=\"widget-image-caption wp-caption-text\"><\/figcaption>\n\t\t\t\t\t\t\t\t\t\t<\/figure>\n\t\t\t\t\t\t\t\t\t<\/div>\n\t\t\t\t<\/div>\n\t\t\t\t\t<\/div>\n\t\t\t\t<\/div>\n\t\t\t\t\t<\/div>\n\t\t\t\t<\/div>\n\t\t<div class=\"elementor-element elementor-element-277890d e-flex e-con-boxed e-con e-parent\" data-id=\"277890d\" data-element_type=\"container\" data-e-type=\"container\">\n\t\t\t\t\t<div class=\"e-con-inner\">\n\t\t<div class=\"elementor-element elementor-element-9fd696b e-flex e-con-boxed e-con e-child\" data-id=\"9fd696b\" data-element_type=\"container\" data-e-type=\"container\">\n\t\t\t\t\t<div class=\"e-con-inner\">\n\t\t\t\t<div class=\"elementor-element elementor-element-f0e0e18 elementor-widget elementor-widget-heading\" data-id=\"f0e0e18\" data-element_type=\"widget\" data-e-type=\"widget\" data-widget_type=\"heading.default\">\n\t\t\t\t<div class=\"elementor-widget-container\">\n\t\t\t\t\t<h3 class=\"elementor-heading-title elementor-size-default\"><strong \/><\/h3>\t\t\t\t<\/div>\n\t\t\t\t<\/div>\n\t\t\t\t\t<\/div>\n\t\t\t\t<\/div>\n\t\t<div class=\"elementor-element elementor-element-d3e25cf e-flex e-con-boxed e-con e-child\" data-id=\"d3e25cf\" data-element_type=\"container\" data-e-type=\"container\">\n\t\t\t\t\t<div class=\"e-con-inner\">\n\t\t\t\t<div class=\"elementor-element elementor-element-2b16a6a elementor-widget elementor-widget-text-editor\" data-id=\"2b16a6a\" data-element_type=\"widget\" data-e-type=\"widget\" data-widget_type=\"text-editor.default\">\n\t\t\t\t<div class=\"elementor-widget-container\">\n\t\t\t\t\t\t\t\t\t<p>Cette nomination s&#8217;inscrit dans le cadre des efforts continus de la FCQB pour renforcer sa structure de gouvernance par l&#8217;inclusion d&#8217;\u00e9minents chefs d&#8217;entreprise internationaux qui apportent une perspective globale et contribuent \u00e0 faire progresser l&#8217;engagement \u00e9conomique entre le Canada et l&#8217;\u00c9tat du Qatar.<\/p><p>Le CCQB sert de plateforme d\u00e9di\u00e9e \u00e0 la promotion du dialogue, de la collaboration et des opportunit\u00e9s d&#8217;investissement entre les deux pays. En mettant en relation des cadres sup\u00e9rieurs, des entrepreneurs et des acteurs institutionnels, le Forum soutient le commerce bilat\u00e9ral, les partenariats transfrontaliers et l&#8217;\u00e9change d&#8217;expertise dans des secteurs cl\u00e9s. <\/p>\t\t\t\t\t\t\t\t<\/div>\n\t\t\t\t<\/div>\n\t\t\t\t\t<\/div>\n\t\t\t\t<\/div>\n\t\t\t\t\t<\/div>\n\t\t\t\t<\/div>\n\t\t<div class=\"elementor-element elementor-element-71b788a e-flex e-con-boxed e-con e-parent\" data-id=\"71b788a\" data-element_type=\"container\" data-e-type=\"container\">\n\t\t\t\t\t<div class=\"e-con-inner\">\n\t\t<div class=\"elementor-element elementor-element-3a30654 e-flex e-con-boxed e-con e-child\" data-id=\"3a30654\" data-element_type=\"container\" data-e-type=\"container\">\n\t\t\t\t\t<div class=\"e-con-inner\">\n\t\t\t\t<div class=\"elementor-element elementor-element-76f7fb6 elementor-widget elementor-widget-heading\" data-id=\"76f7fb6\" data-element_type=\"widget\" data-e-type=\"widget\" data-widget_type=\"heading.default\">\n\t\t\t\t<div class=\"elementor-widget-container\">\n\t\t\t\t\t<h3 class=\"elementor-heading-title elementor-size-default\"><strong>\n<\/strong><\/h3>\t\t\t\t<\/div>\n\t\t\t\t<\/div>\n\t\t\t\t\t<\/div>\n\t\t\t\t<\/div>\n\t\t\t\t\t<\/div>\n\t\t\t\t<\/div>\n\t\t<div class=\"elementor-element elementor-element-47e9214 e-flex e-con-boxed e-con e-parent\" data-id=\"47e9214\" data-element_type=\"container\" data-e-type=\"container\">\n\t\t\t\t\t<div class=\"e-con-inner\">\n\t\t<div class=\"elementor-element elementor-element-d784509 e-flex e-con-boxed e-con e-child\" data-id=\"d784509\" data-element_type=\"container\" data-e-type=\"container\">\n\t\t\t\t\t<div class=\"e-con-inner\">\n\t\t<div class=\"elementor-element elementor-element-262c313 e-con-full e-flex e-con e-child\" data-id=\"262c313\" data-element_type=\"container\" data-e-type=\"container\">\n\t\t\t\t<div class=\"elementor-element elementor-element-4230445 elementor-widget elementor-widget-image\" data-id=\"4230445\" data-element_type=\"widget\" data-e-type=\"widget\" data-widget_type=\"image.default\">\n\t\t\t\t<div class=\"elementor-widget-container\">\n\t\t\t\t\t\t\t\t\t\t\t\t\t\t\t<img decoding=\"async\" width=\"200\" height=\"200\" src=\"https:\/\/cqbf.ca\/wp-content\/uploads\/2026\/01\/1761573496997.jpeg\" class=\"attachment-full size-full wp-image-12870\" alt=\"\" srcset=\"https:\/\/cqbf.ca\/wp-content\/uploads\/2026\/01\/1761573496997.jpeg 200w, https:\/\/cqbf.ca\/wp-content\/uploads\/2026\/01\/1761573496997-150x150.jpeg 150w, https:\/\/cqbf.ca\/wp-content\/uploads\/2026\/01\/1761573496997-87x87.jpeg 87w, https:\/\/cqbf.ca\/wp-content\/uploads\/2026\/01\/1761573496997-100x100.jpeg 100w\" sizes=\"(max-width: 200px) 100vw, 200px\" \/>\t\t\t\t\t\t\t\t\t\t\t\t\t\t\t<\/div>\n\t\t\t\t<\/div>\n\t\t\t\t<\/div>\n\t\t<div class=\"elementor-element elementor-element-f926b43 e-flex e-con-boxed e-con e-child\" data-id=\"f926b43\" data-element_type=\"container\" data-e-type=\"container\">\n\t\t\t\t\t<div class=\"e-con-inner\">\n\t\t\t\t<div class=\"elementor-element elementor-element-6cb7a07 elementor-widget elementor-widget-text-editor\" data-id=\"6cb7a07\" data-element_type=\"widget\" data-e-type=\"widget\" data-widget_type=\"text-editor.default\">\n\t\t\t\t<div class=\"elementor-widget-container\">\n\t\t\t\t\t\t\t\t\t<p>Amir Ali Salemi, fondateur et directeur g\u00e9n\u00e9ral de JTA International Investment Holding, est reconnu comme un \u00e9minent chef d&#8217;entreprise dot\u00e9 d&#8217;une perspective mondiale dans les domaines de l&#8217;investissement et du d\u00e9veloppement commercial. Il est titulaire d&#8217;un doctorat en gestion strat\u00e9gique et, avec plus de vingt ans d&#8217;exp\u00e9rience internationale, il a jou\u00e9 un r\u00f4le important dans l&#8217;\u00e9laboration et le d\u00e9veloppement de partenariats strat\u00e9giques au niveau mondial. <\/p>\t\t\t\t\t\t\t\t<\/div>\n\t\t\t\t<\/div>\n\t\t\t\t\t<\/div>\n\t\t\t\t<\/div>\n\t\t\t\t\t<\/div>\n\t\t\t\t<\/div>\n\t\t\t\t\t<\/div>\n\t\t\t\t<\/div>\n\t\t<div class=\"elementor-element elementor-element-9926e53 e-con-full e-flex e-con e-parent\" data-id=\"9926e53\" data-element_type=\"container\" data-e-type=\"container\">\n\t\t\t\t<div class=\"elementor-element elementor-element-6b5ac97 elementor-widget elementor-widget-text-editor\" data-id=\"6b5ac97\" data-element_type=\"widget\" data-e-type=\"widget\" data-widget_type=\"text-editor.default\">\n\t\t\t\t<div class=\"elementor-widget-container\">\n\t\t\t\t\t\t\t\t\t<p>Sous sa direction, JTA est devenu un groupe d&#8217;investissement international pr\u00e9sent dans plus de 50 pays et op\u00e9rant dans divers secteurs, ce qui lui a permis d&#8217;acqu\u00e9rir une position solide sur les march\u00e9s mondiaux. \u00c0 ce titre, M. Salemi a jou\u00e9 un r\u00f4le central dans la d\u00e9finition et la mise en \u0153uvre de la strat\u00e9gie d&#8217;expansion mondiale du groupe, ainsi que dans la formation de partenariats strat\u00e9giques de grande valeur sur les march\u00e9s \u00e9mergents et d\u00e9velopp\u00e9s. <\/p>\t\t\t\t\t\t\t\t<\/div>\n\t\t\t\t<\/div>\n\t\t\t\t<\/div>\n\t\t<div class=\"elementor-element elementor-element-19b624b e-flex e-con-boxed e-con e-parent\" data-id=\"19b624b\" data-element_type=\"container\" data-e-type=\"container\">\n\t\t\t\t\t<div class=\"e-con-inner\">\n\t\t<div class=\"elementor-element elementor-element-c88b253 e-con-full e-flex e-con e-child\" data-id=\"c88b253\" data-element_type=\"container\" data-e-type=\"container\">\n\t\t\t\t<div class=\"elementor-element elementor-element-89af103 elementor-widget elementor-widget-heading\" data-id=\"89af103\" data-element_type=\"widget\" data-e-type=\"widget\" data-widget_type=\"heading.default\">\n\t\t\t\t<div class=\"elementor-widget-container\">\n\t\t\t\t\t<h3 class=\"elementor-heading-title elementor-size-default\"><strong> <\/strong><\/h3>\t\t\t\t<\/div>\n\t\t\t\t<\/div>\n\t\t\t\t<\/div>\n\t\t<div class=\"elementor-element elementor-element-b980a1f e-flex e-con-boxed e-con e-child\" data-id=\"b980a1f\" data-element_type=\"container\" data-e-type=\"container\">\n\t\t\t\t\t<div class=\"e-con-inner\">\n\t\t\t\t<div class=\"elementor-element elementor-element-423133d elementor-widget elementor-widget-text-editor\" data-id=\"423133d\" data-element_type=\"widget\" data-e-type=\"widget\" data-widget_type=\"text-editor.default\">\n\t\t\t\t<div class=\"elementor-widget-container\">\n\t\t\t\t\t\t\t\t\t<p>Son parcours professionnel l&#8217;a amen\u00e9 \u00e0 participer \u00e0 des projets multisectoriels de grande envergure dans les domaines de l&#8217;\u00e9nergie, des infrastructures, des technologies, du tourisme, des soins de sant\u00e9 et des industries ax\u00e9es sur l&#8217;innovation. Il s&#8217;est \u00e9galement engag\u00e9 activement dans des \u00e9cosyst\u00e8mes internationaux de conseil, d&#8217;entrepreneuriat et d&#8217;investissement, et est reconnu pour ses contributions \u00e0 la promotion de la collaboration internationale et des initiatives d&#8217;investissement durable. <\/p><p>Ces r\u00e9alisations et cette croissance remarquable ont valu au Dr Salemi de recevoir de nombreux prix et reconnaissances internationaux.<\/p>\t\t\t\t\t\t\t\t<\/div>\n\t\t\t\t<\/div>\n\t\t\t\t\t<\/div>\n\t\t\t\t<\/div>\n\t\t\t\t\t<\/div>\n\t\t\t\t<\/div>\n\t\t<div class=\"elementor-element elementor-element-9fc8e62 e-flex e-con-boxed e-con e-parent\" data-id=\"9fc8e62\" data-element_type=\"container\" data-e-type=\"container\">\n\t\t\t\t\t<div class=\"e-con-inner\">\n\t\t\t\t<div class=\"elementor-element elementor-element-3297ba4 elementor-widget elementor-widget-text-editor\" data-id=\"3297ba4\" data-element_type=\"widget\" data-e-type=\"widget\" data-widget_type=\"text-editor.default\">\n\t\t\t\t<div class=\"elementor-widget-container\">\n\t\t\t\t\t\t\t\t\t<p>Ibrahim Abdelhalim <br>Membre du conseil d&#8217;administration et conseiller principal en affaires<\/p>\t\t\t\t\t\t\t\t<\/div>\n\t\t\t\t<\/div>\n\t\t\t\t\t<\/div>\n\t\t\t\t<\/div>\n\t\t\t\t<\/div>\n\t\t","protected":false},"excerpt":{"rendered":"<p>Le Forum d&#8217;affaires Canada-Qatar (FQAC) a le plaisir d&#8217;annoncer la nomination de M. Amir Ali Salemi, fondateur et chef de la direction de JTA International Investment Holding, \u00e0 titre de membre honoraire du conseil d&#8217;administration, \u00e0 compter du 2 janvier 2026.<\/p>\n","protected":false},"author":1,"featured_media":12875,"comment_status":"closed","ping_status":"closed","sticky":false,"template":"","format":"standard","meta":{"_acf_changed":false,"_seopress_robots_primary_cat":"none","_seopress_titles_title":"Le Forum d'affaires Canada-Qatar annonce la nomination de M. Amir Ali Salemi \u00e0 titre de membre honoraire du conseil d'administration","_seopress_titles_desc":"Le Forum d'affaires Canada-Qatar (FQAC) a le plaisir d'annoncer la nomination de M. Amir Ali Salemi, fondateur et chef de la direction de JTA International Investment Holding, \u00e0 titre de membre honoraire du conseil d'administration, \u00e0 compter du 2 janvier 2026.","_seopress_robots_index":"","_price":"","_stock":"","_tribe_ticket_header":"","_tribe_default_ticket_provider":"","_tribe_ticket_capacity":"0","_ticket_start_date":"","_ticket_end_date":"","_tribe_ticket_show_description":"","_tribe_ticket_show_not_going":false,"_tribe_ticket_use_global_stock":"","_tribe_ticket_global_stock_level":"","_global_stock_mode":"","_global_stock_cap":"","_tribe_rsvp_for_event":"","_tribe_ticket_going_count":"","_tribe_ticket_not_going_count":"","_tribe_tickets_list":"[]","_tribe_ticket_has_attendee_info_fields":false,"footnotes":"","_tec_slr_enabled":"","_tec_slr_layout":""},"categories":[116,120],"tags":[131,101,125,129,122,153,126],"class_list":["post-12868","post","type-post","status-publish","format-standard","has-post-thumbnail","hentry","category-actualites","category-communique-de-presse","tag-affaires-a-doha","tag-canada-qatar-business","tag-commerce-avec-le-moyen-orient-exportations-canadiennes","tag-commerce-transfrontalier","tag-communique-de-presse","tag-president-dhonneur","tag-profils-de-dirigeants"],"acf":[],"ticketed":false,"_links":{"self":[{"href":"https:\/\/cqbf.ca\/fr\/wp-json\/wp\/v2\/posts\/12868","targetHints":{"allow":["GET"]}}],"collection":[{"href":"https:\/\/cqbf.ca\/fr\/wp-json\/wp\/v2\/posts"}],"about":[{"href":"https:\/\/cqbf.ca\/fr\/wp-json\/wp\/v2\/types\/post"}],"author":[{"embeddable":true,"href":"https:\/\/cqbf.ca\/fr\/wp-json\/wp\/v2\/users\/1"}],"replies":[{"embeddable":true,"href":"https:\/\/cqbf.ca\/fr\/wp-json\/wp\/v2\/comments?post=12868"}],"version-history":[{"count":3,"href":"https:\/\/cqbf.ca\/fr\/wp-json\/wp\/v2\/posts\/12868\/revisions"}],"predecessor-version":[{"id":12896,"href":"https:\/\/cqbf.ca\/fr\/wp-json\/wp\/v2\/posts\/12868\/revisions\/12896"}],"wp:featuredmedia":[{"embeddable":true,"href":"https:\/\/cqbf.ca\/fr\/wp-json\/wp\/v2\/media\/12875"}],"wp:attachment":[{"href":"https:\/\/cqbf.ca\/fr\/wp-json\/wp\/v2\/media?parent=12868"}],"wp:term":[{"taxonomy":"category","embeddable":true,"href":"https:\/\/cqbf.ca\/fr\/wp-json\/wp\/v2\/categories?post=12868"},{"taxonomy":"post_tag","embeddable":true,"href":"https:\/\/cqbf.ca\/fr\/wp-json\/wp\/v2\/tags?post=12868"}],"curies":[{"name":"wp","href":"https:\/\/api.w.org\/{rel}","templated":true}]}}